{"id":696,"date":"2015-05-29T20:05:01","date_gmt":"2015-05-29T20:05:01","guid":{"rendered":"http:\/\/sedimentologia.org.ar\/spa\/?p=696"},"modified":"2020-11-23T11:27:32","modified_gmt":"2020-11-23T11:27:32","slug":"quimicasdiageneticas","status":"publish","type":"post","link":"https:\/\/www.sedimentologia.org.ar\/spa\/quimicasdiageneticas\/","title":{"rendered":"Qu\u00edmicas\/Diagen\u00e9ticas"},"content":{"rendered":"<h1>Qu\u00edmicas\/Diagen\u00e9ticas<\/h1>\n<p>Las estructuras qu\u00edmicas se generan en diversas circunstancias. Pueden ser sinsedimentarias o pertenecer a estad\u00edos diagen\u00e9ticos tempranos o tard\u00edos. Por este motivo brindan much\u00edsima y variada informaci\u00f3n.<br \/>\n<div class=\"fusion-fullwidth fullwidth-box fusion-builder-row-1 hundred-percent-fullwidth non-hundred-percent-height-scrolling\" style=\"--awb-border-radius-top-left:0px;--awb-border-radius-top-right:0px;--awb-border-radius-bottom-right:0px;--awb-border-radius-bottom-left:0px;--awb-overflow:visible;--awb-margin-top:20px;--awb-margin-bottom:0px;--awb-background-color:rgba(255,255,255,0);--awb-flex-wrap:wrap;\" ><div class=\"fusion-builder-row fusion-row\"><div class=\"fusion-layout-column fusion_builder_column fusion-builder-column-0 fusion_builder_column_1_1 1_1 fusion-one-full fusion-column-first fusion-column-last fusion-column-no-min-height\" style=\"--awb-bg-size:cover;--awb-margin-bottom:0px;\"><div class=\"fusion-column-wrapper fusion-flex-column-wrapper-legacy\"><div class=\"fusion-sep-clear\"><\/div><div class=\"fusion-separator fusion-full-width-sep\" style=\"margin-left: auto;margin-right: auto;width:100%;\"><\/div><div class=\"fusion-sep-clear\"><\/div>\n<h2>Concreciones<\/h2>\n<p>Las concreciones son cuerpos esf\u00e9ricos a subesf\u00e9ricos postdepositacionales. Se generan como resultado de la precipitaci\u00f3n localizada de un cemento en los espacios porales, en zonas donde las condiciones f\u00edsico-qu\u00edmicas (e.g., Eh y pH) favorecen su precipitaci\u00f3n. Es com\u00fan que la precipitaci\u00f3n comience en la periferia de alg\u00fan organismo, donde su descomposici\u00f3n genera estos cambios localizados, o alrededor de conchillas carbon\u00e1ticas que hacen de n\u00facleo al cemento calc\u00edtico o aragon\u00edtico. El crecimiento puede ser \u00abconcentrico\u00bb o \u00abpervasivo\u00bb (Mozley 1996, Raiswell and Fisher 2000). En el crecimiento concentrico la concreci\u00f3n crece por la acreci\u00f3n de sucesivas capas en la superficie en diferentes etapas. El crecimiento pervasivo la cementaci\u00f3n del sedimento hospedante ocurre simultaneamente y desde el centro. Los cementos m\u00e1s comunes son calcita y aragonita, aunque tambi\u00e9n son frecuentes los sulfatos, fosf\u00e1tos y los \u00f3xidos de hierro, entre otros.<\/p>\n<div class=\"fusion-clearfix\"><\/div><\/div><\/div><\/div><\/div><div class=\"fusion-fullwidth fullwidth-box fusion-builder-row-2 hundred-percent-fullwidth non-hundred-percent-height-scrolling\" style=\"--awb-border-radius-top-left:0px;--awb-border-radius-top-right:0px;--awb-border-radius-bottom-right:0px;--awb-border-radius-bottom-left:0px;--awb-overflow:visible;--awb-flex-wrap:wrap;\" ><div class=\"fusion-builder-row fusion-row\"><div class=\"fusion-layout-column fusion_builder_column fusion-builder-column-1 fusion_builder_column_1_1 1_1 fusion-one-full fusion-column-first fusion-column-last fusion-column-no-min-height\" style=\"--awb-bg-size:cover;--awb-margin-bottom:0px;\"><div class=\"fusion-column-wrapper fusion-flex-column-wrapper-legacy\"><div id=\"attachment_894\" style=\"width: 650px\" class=\"wp-caption aligncenter\"><a href=\"http:\/\/sedimentologia.org.ar\/spa\/wp-content\/uploads\/2015\/05\/IMG_8527-1.jpg\"><img decoding=\"async\" aria-describedby=\"caption-attachment-894\" class=\"wp-image-894 size-full\" src=\"http:\/\/sedimentologia.org.ar\/spa\/wp-content\/uploads\/2015\/05\/IMG_8527-1.jpg\" alt=\"IMG_8527-1\" width=\"640\" height=\"308\" srcset=\"https:\/\/www.sedimentologia.org.ar\/spa\/wp-content\/uploads\/2015\/05\/IMG_8527-1-300x144.jpg 300w, https:\/\/www.sedimentologia.org.ar\/spa\/wp-content\/uploads\/2015\/05\/IMG_8527-1.jpg 640w\" sizes=\"(max-width: 640px) 100vw, 640px\" \/><\/a><p id=\"caption-attachment-894\" class=\"wp-caption-text\">Fotograf\u00eda: Diego A. Kietzmann &#8211; Fm. Vaca Muerta (Tithoniano-Valanginiano) Cuenca Neuquina, Mendoza.<\/p><\/div>\n<div class=\"fusion-clearfix\"><\/div><\/div><\/div><div class=\"fusion-layout-column fusion_builder_column fusion-builder-column-2 fusion_builder_column_1_1 1_1 fusion-one-full fusion-column-first fusion-column-last fusion-column-no-min-height\" style=\"--awb-bg-size:cover;--awb-margin-bottom:0px;\"><div class=\"fusion-column-wrapper fusion-flex-column-wrapper-legacy\"><div id=\"attachment_1103\" style=\"width: 650px\" class=\"wp-caption aligncenter\"><a href=\"http:\/\/sedimentologia.org.ar\/spa\/wp-content\/uploads\/2015\/05\/DSC00087-1.jpg\"><img decoding=\"async\" aria-describedby=\"caption-attachment-1103\" class=\"size-full wp-image-1103\" src=\"http:\/\/sedimentologia.org.ar\/spa\/wp-content\/uploads\/2015\/05\/DSC00087-1.jpg\" alt=\"Concreci\u00f3n por crecimiento conc\u00e9ntrico - Fotograf\u00eda: Jos\u00e9 I. Cuiti\u00f1o | Fm. Agrio, Mb. Superior  (Cret\u00e1cico Inferior) Cuenca Neuquina, Neuqu\u00e9n.\" width=\"640\" height=\"480\" srcset=\"https:\/\/www.sedimentologia.org.ar\/spa\/wp-content\/uploads\/2015\/05\/DSC00087-1-300x225.jpg 300w, https:\/\/www.sedimentologia.org.ar\/spa\/wp-content\/uploads\/2015\/05\/DSC00087-1.jpg 640w\" sizes=\"(max-width: 640px) 100vw, 640px\" \/><\/a><p id=\"caption-attachment-1103\" class=\"wp-caption-text\">Concreci\u00f3n por crecimiento conc\u00e9ntrico &#8211; Fotograf\u00eda: Jos\u00e9 I. Cuiti\u00f1o | Fm. Agrio, Mb. Superior (Cret\u00e1cico Inferior) Cuenca Neuquina, Neuqu\u00e9n.<\/p><\/div>\n<h2><i>Marlekor<\/i><\/h2>\n<div>Son un tipo particular de concreciones elongadas en el eje\u00a0paralelo al plano\u00a0de estratificaci\u00f3n.\u00a0Se asocian a la zona fre\u00e1tica saturada donde existen gradientes en la velocidad del agua poral o en dep\u00f3sitos bien estratificados con\u00a0diferentes permeabilidades que favorecen el crecimiento en una direcci\u00f3n\u00a0(e.g., <a href=\"http:\/\/jsedres.sepmonline.org\/cgi\/content\/abstract\/64\/3a\/535?maxtoshow=&amp;hits=10&amp;RESULTFORMAT=1&amp;author1=McBride&amp;andorexacttitle=and&amp;field_name=fulltext&amp;searchid=1&amp;FIRSTINDEX=0&amp;sortspec=relevance&amp;fdate=5\/1\/1993&amp;tdate=2\/28\/1995&amp;resourcetype=HWCIT\">McBride et al., 1994<\/a>; <a href=\"http:\/\/jsedres.geoscienceworld.org\/cgi\/content\/abstract\/66\/1\/11?maxtoshow=&amp;hits=10&amp;RESULTFORMAT=1&amp;author1=mozley&amp;andorexacttitle=and&amp;field_name=fulltext&amp;searchid=1&amp;FIRSTINDEX=0&amp;sortspec=relevance&amp;fdate=5\/1\/1931&amp;tdate=2\/28\/2010&amp;resourcetype=HWCIT\">Mozley and Davis, 2005<\/a>).\u00a0Son comunes en\u00a0dep\u00f3sito glaciarios y lacustres.<\/div>\n<div class=\"separator\">\n<h2>Septarios y <i>melikaria<\/i><\/h2>\n<\/div>\n<div class=\"separator\">Los septarios\u00a0(<i>septarian concretions<\/i>) son un tipo particular de concreciones\u00a0que contienen\u00a0grietas (estrictamente los septarios) en el interior (<i>septum:\u00a0<\/i>partici\u00f3n).\u00a0El\u00a0proceso que genera estas grietas no es a\u00fan claro y se proponen diferentes mecanismos:\u00a01) deshidrataci\u00f3n de\u00a0arcillas o geles; 2) contracci\u00f3n del centro de la concreci\u00f3n debido a un gradiente diferencial de cementaci\u00f3n desde la periferia hacia el centro; 3)\u00a0expansi\u00f3n de gases por decaimiento de\u00a0materia org\u00e1nica; 4)\u00a0contracci\u00f3n por\u00a0desestabilizaciones producidas por esfuerzos (sismos o\u00a0compactaci\u00f3n), entre otros\u00a0(ver <a href=\"http:\/\/www3.interscience.wiley.com\/cgi-bin\/fulltext\/121436449\/HTMLSTART\">Pratt 2001<\/a>). Las grietas generamente se cementan\u00a0con calcita, siderita,\u00a0pirita u\u00a0\u00f3xidos de hierro.\u00a0Cuando s\u00f3lo se\u00a0preserva el conjunto de grietas cementadas\u00a0se denomina com\u00fanmente <i>melikaria<\/i>.<\/div>\n<h2>N\u00f3dulos<\/h2>\n<div>Los n\u00f3dulos, al igual que las concreciones, son cuerpos esf\u00e9ricos a subesf\u00e9ricos generados por la precipitaci\u00f3n o reemplazo de un mineral. Suelen ser m\u00e1s irregulares y su g\u00e9nesis se diferencia de las concreciones debido a que los n\u00f3dulos desplazan el sedimento\u00a0durante su formaci\u00f3n.<\/div>\n<div>Algunos n\u00f3dulos forman texturas perticulares como las texturas\u00a0<i>chicken wire<\/i>, que son un tipo de estructuras nodulares que generan por el remplazo de anhidrita por yeso debido al ascenso por capilaridad de aguas porales sulfatadas, que generan expansi\u00f3n, deformando y plegando la laminaci\u00f3n. Son estructuras t\u00edpicas de los sectores\u00a0supratidales de los <i>sabkhat.<\/i><\/div>\n<div>\n<div class=\"fusion-clearfix\"><\/div><\/div><\/div><div class=\"fusion-layout-column fusion_builder_column fusion-builder-column-3 fusion_builder_column_1_1 1_1 fusion-one-full fusion-column-first fusion-column-last fusion-column-no-min-height\" style=\"--awb-bg-size:cover;--awb-margin-bottom:0px;\"><div class=\"fusion-column-wrapper fusion-flex-column-wrapper-legacy\"><div id=\"attachment_1105\" style=\"width: 650px\" class=\"wp-caption aligncenter\"><a href=\"http:\/\/sedimentologia.org.ar\/spa\/wp-content\/uploads\/2015\/05\/IMG_9271.jpg\"><img decoding=\"async\" aria-describedby=\"caption-attachment-1105\" class=\"size-full wp-image-1105\" src=\"http:\/\/sedimentologia.org.ar\/spa\/wp-content\/uploads\/2015\/05\/IMG_9271.jpg\" alt=\"Fotograf\u00eda: Diego A. Kietzmann | Fm. Auquilco (Oxfordiano-Kimmeridgiano) Cuenca Neuquina, Mendoza.\" width=\"640\" height=\"464\" srcset=\"https:\/\/www.sedimentologia.org.ar\/spa\/wp-content\/uploads\/2015\/05\/IMG_9271-220x161.jpg 220w, https:\/\/www.sedimentologia.org.ar\/spa\/wp-content\/uploads\/2015\/05\/IMG_9271-300x218.jpg 300w, https:\/\/www.sedimentologia.org.ar\/spa\/wp-content\/uploads\/2015\/05\/IMG_9271.jpg 640w\" sizes=\"(max-width: 640px) 100vw, 640px\" \/><\/a><p id=\"caption-attachment-1105\" class=\"wp-caption-text\">Fotograf\u00eda: Diego A. Kietzmann | Fm. Auquilco (Oxfordiano-Kimmeridgiano) Cuenca Neuquina, Mendoza.<\/p><\/div>\n<h2>Cono en cono<\/h2>\n<div>\n<h2>Estilolitas<\/h2>\n<\/div>\n<div>Son suturas de disoluci\u00f3n irregulares\u00a0muy comunes en rocas carbon\u00e1ticas. Tienen la forma de un electrocardiograma. Se forman por presi\u00f3n-soluci\u00f3n en planos perpendiculares a la direcci\u00f3n de esfuerzo principal.\u00a0Generalmente contienen precepitados insolubles (e.g.,\u00a0\u00f3xidos de hierro), que quedan como residuo del sedimento disuelto.<\/div>\n<div>\n<div class=\"fusion-clearfix\"><\/div><\/div><\/div><div class=\"fusion-layout-column fusion_builder_column fusion-builder-column-4 fusion_builder_column_1_1 1_1 fusion-one-full fusion-column-first fusion-column-last fusion-column-no-min-height\" style=\"--awb-bg-size:cover;--awb-margin-bottom:0px;\"><div class=\"fusion-column-wrapper fusion-flex-column-wrapper-legacy\"><div id=\"attachment_1106\" style=\"width: 650px\" class=\"wp-caption aligncenter\"><a href=\"http:\/\/sedimentologia.org.ar\/spa\/wp-content\/uploads\/2015\/05\/Estilolitas.jpg\"><img decoding=\"async\" aria-describedby=\"caption-attachment-1106\" class=\"wp-image-1106\" src=\"http:\/\/sedimentologia.org.ar\/spa\/wp-content\/uploads\/2015\/05\/Estilolitas-1024x768.jpg\" alt=\"Fotograf\u00eda: Alejandro Baez | Fm. Chachil (Jurasico Inferior - Pliensbachiano) Cuenca Neuquina, Neuqu\u00e9n.\" width=\"640\" height=\"480\" srcset=\"https:\/\/www.sedimentologia.org.ar\/spa\/wp-content\/uploads\/2015\/05\/Estilolitas-300x225.jpg 300w, https:\/\/www.sedimentologia.org.ar\/spa\/wp-content\/uploads\/2015\/05\/Estilolitas-1024x768.jpg 1024w, https:\/\/www.sedimentologia.org.ar\/spa\/wp-content\/uploads\/2015\/05\/Estilolitas.jpg 1600w\" sizes=\"(max-width: 640px) 100vw, 640px\" \/><\/a><p id=\"caption-attachment-1106\" class=\"wp-caption-text\">Fotograf\u00eda: Alejandro Baez | Fm. Chachil (Jurasico Inferior &#8211; Pliensbachiano) Cuenca Neuquina, Neuqu\u00e9n.<\/p><\/div>\n<div class=\"fusion-clearfix\"><\/div><\/div><\/div><div class=\"fusion-layout-column fusion_builder_column fusion-builder-column-5 fusion_builder_column_1_1 1_1 fusion-one-full fusion-column-first fusion-column-last fusion-column-no-min-height\" style=\"--awb-bg-size:cover;--awb-margin-bottom:0px;\"><div class=\"fusion-column-wrapper fusion-flex-column-wrapper-legacy\"><div id=\"attachment_1107\" style=\"width: 650px\" class=\"wp-caption aligncenter\"><a href=\"http:\/\/sedimentologia.org.ar\/spa\/wp-content\/uploads\/2015\/05\/IMG_0134.jpg\"><img decoding=\"async\" aria-describedby=\"caption-attachment-1107\" class=\"wp-image-1107\" src=\"http:\/\/sedimentologia.org.ar\/spa\/wp-content\/uploads\/2015\/05\/IMG_0134-1024x768.jpg\" alt=\"Fotograf\u00eda: Luisa Crousse | Fm. Chachil (Jurasico Inferior - Pliensbachiano) Cuenca Neuquina, Neuqu\u00e9n.\" width=\"640\" height=\"480\" srcset=\"https:\/\/www.sedimentologia.org.ar\/spa\/wp-content\/uploads\/2015\/05\/IMG_0134-300x225.jpg 300w, https:\/\/www.sedimentologia.org.ar\/spa\/wp-content\/uploads\/2015\/05\/IMG_0134.jpg 1024w\" sizes=\"(max-width: 640px) 100vw, 640px\" \/><\/a><p id=\"caption-attachment-1107\" class=\"wp-caption-text\">Fotograf\u00eda: Luisa Crousse | Fm. Chachil (Jurasico Inferior &#8211; Pliensbachiano) Cuenca Neuquina, Neuqu\u00e9n.<\/p><\/div>\n<div class=\"fusion-clearfix\"><\/div><\/div><\/div><div class=\"fusion-layout-column fusion_builder_column fusion-builder-column-6 fusion_builder_column_1_1 1_1 fusion-one-full fusion-column-first fusion-column-last fusion-column-no-min-height\" style=\"--awb-bg-size:cover;--awb-margin-bottom:0px;\"><div class=\"fusion-column-wrapper fusion-flex-column-wrapper-legacy\"><div id=\"attachment_1108\" style=\"width: 650px\" class=\"wp-caption aligncenter\"><a href=\"http:\/\/sedimentologia.org.ar\/spa\/wp-content\/uploads\/2015\/05\/2.jpg\"><img decoding=\"async\" aria-describedby=\"caption-attachment-1108\" class=\"wp-image-1108\" src=\"http:\/\/sedimentologia.org.ar\/spa\/wp-content\/uploads\/2015\/05\/2-1024x768.jpg\" alt=\"Fotograf\u00eda: Luisa Crousse | Fm. Chachil (Jurasico Inferior - Pliensbachiano) Cuenca Neuquina, Neuqu\u00e9n.\" width=\"640\" height=\"480\" srcset=\"https:\/\/www.sedimentologia.org.ar\/spa\/wp-content\/uploads\/2015\/05\/2-300x225.jpg 300w, https:\/\/www.sedimentologia.org.ar\/spa\/wp-content\/uploads\/2015\/05\/2.jpg 1024w\" sizes=\"(max-width: 640px) 100vw, 640px\" \/><\/a><p id=\"caption-attachment-1108\" class=\"wp-caption-text\">Fotograf\u00eda: Luisa Crousse | Fm. Chachil (Jurasico Inferior &#8211; Pliensbachiano) Cuenca Neuquina, Neuqu\u00e9n.<\/p><\/div>\n<h2>Estructuras Geopetales<\/h2>\n<div class=\"fusion-clearfix\"><\/div><\/div><\/div><div class=\"fusion-layout-column fusion_builder_column fusion-builder-column-7 fusion_builder_column_1_1 1_1 fusion-one-full fusion-column-first fusion-column-last fusion-column-no-min-height\" style=\"--awb-bg-size:cover;--awb-margin-bottom:0px;\"><div class=\"fusion-column-wrapper fusion-flex-column-wrapper-legacy\"><div id=\"attachment_1109\" style=\"width: 650px\" class=\"wp-caption aligncenter\"><a href=\"http:\/\/sedimentologia.org.ar\/spa\/wp-content\/uploads\/2015\/05\/IMG_9499.jpg\"><img decoding=\"async\" aria-describedby=\"caption-attachment-1109\" class=\"size-full wp-image-1109\" src=\"http:\/\/sedimentologia.org.ar\/spa\/wp-content\/uploads\/2015\/05\/IMG_9499.jpg\" alt=\"Fotograf\u00eda: Diego A. Kietzmann | Fm. Vaca Muerta (Tithoniano-Valanginiano) Cuenca Neuquina, Mendoza. \" width=\"640\" height=\"464\" srcset=\"https:\/\/www.sedimentologia.org.ar\/spa\/wp-content\/uploads\/2015\/05\/IMG_9499-220x161.jpg 220w, https:\/\/www.sedimentologia.org.ar\/spa\/wp-content\/uploads\/2015\/05\/IMG_9499-300x218.jpg 300w, https:\/\/www.sedimentologia.org.ar\/spa\/wp-content\/uploads\/2015\/05\/IMG_9499.jpg 640w\" sizes=\"(max-width: 640px) 100vw, 640px\" \/><\/a><p id=\"caption-attachment-1109\" class=\"wp-caption-text\">Fotograf\u00eda: Diego A. Kietzmann | Fm. Vaca Muerta (Tithoniano-Valanginiano) Cuenca Neuquina, Mendoza.<\/p><\/div>\n<h2>Laminaci\u00f3n en evaporitas<\/h2>\n<h2>Laminaci\u00f3n enterol\u00edtica<\/h2>\n<p>&nbsp;<\/p>\n<h2>Moldes de Cristales<\/h2>\n<p>&nbsp;<\/p>\n<h2>M\u00c1S EJEMPLOS DE ESTRUCTURAS QU\u00cdMICAS<\/h2>\n<div class=\"fusion-clearfix\"><\/div><\/div><\/div><div class=\"fusion-layout-column fusion_builder_column fusion-builder-column-8 fusion_builder_column_1_1 1_1 fusion-one-full fusion-column-first fusion-column-last fusion-column-no-min-height\" style=\"--awb-bg-size:cover;--awb-margin-bottom:0px;\"><div class=\"fusion-column-wrapper fusion-flex-column-wrapper-legacy\"><div id=\"attachment_1110\" style=\"width: 650px\" class=\"wp-caption aligncenter\"><a href=\"http:\/\/sedimentologia.org.ar\/spa\/wp-content\/uploads\/2015\/05\/P1020127.jpg\"><img decoding=\"async\" aria-describedby=\"caption-attachment-1110\" class=\"wp-image-1110 size-full\" src=\"http:\/\/sedimentologia.org.ar\/spa\/wp-content\/uploads\/2015\/05\/P1020127.jpg\" alt=\"Concreciones calc\u00e1reas en una arenisca glaucon\u00edtica - Fotograf\u00eda: Jos\u00e9 I. Cuiti\u00f1o | Base de la Formaci\u00f3n Man Aike (ambiente marino). Eoceno medio, Lago Argentino, Santa Cruz.\" width=\"640\" height=\"480\" srcset=\"https:\/\/www.sedimentologia.org.ar\/spa\/wp-content\/uploads\/2015\/05\/P1020127-300x225.jpg 300w, https:\/\/www.sedimentologia.org.ar\/spa\/wp-content\/uploads\/2015\/05\/P1020127.jpg 640w\" sizes=\"(max-width: 640px) 100vw, 640px\" \/><\/a><p id=\"caption-attachment-1110\" class=\"wp-caption-text\">Concreciones calc\u00e1reas en una arenisca glaucon\u00edtica &#8211; Fotograf\u00eda: Jos\u00e9 I. Cuiti\u00f1o | Base de la Formaci\u00f3n Man Aike (ambiente marino). Eoceno medio, Lago Argentino, Santa Cruz.<\/p><\/div>\n<div class=\"fusion-clearfix\"><\/div><\/div><\/div><div class=\"fusion-layout-column fusion_builder_column fusion-builder-column-9 fusion_builder_column_1_1 1_1 fusion-one-full fusion-column-first fusion-column-last fusion-column-no-min-height\" style=\"--awb-bg-size:cover;--awb-margin-bottom:0px;\"><div class=\"fusion-column-wrapper fusion-flex-column-wrapper-legacy\"><div id=\"attachment_1111\" style=\"width: 610px\" class=\"wp-caption aligncenter\"><a href=\"http:\/\/sedimentologia.org.ar\/spa\/wp-content\/uploads\/2015\/05\/IMG_3468.jpg\"><img decoding=\"async\" aria-describedby=\"caption-attachment-1111\" class=\"size-full wp-image-1111\" src=\"http:\/\/sedimentologia.org.ar\/spa\/wp-content\/uploads\/2015\/05\/IMG_3468.jpg\" alt=\"Texturas de disoluci\u00f3n mete\u00f3rica en calizas - Fotograf\u00eda: Diego A. kietzmann | Actual. Sobre calizas cret\u00e1cicas de la  Reserva Paisajistica Nor Yauyos Cochas, Per\u00fa\" width=\"600\" height=\"800\" srcset=\"https:\/\/www.sedimentologia.org.ar\/spa\/wp-content\/uploads\/2015\/05\/IMG_3468-225x300.jpg 225w, https:\/\/www.sedimentologia.org.ar\/spa\/wp-content\/uploads\/2015\/05\/IMG_3468.jpg 600w\" sizes=\"(max-width: 600px) 100vw, 600px\" \/><\/a><p id=\"caption-attachment-1111\" class=\"wp-caption-text\">Texturas de disoluci\u00f3n mete\u00f3rica en calizas &#8211; Fotograf\u00eda: Diego A. kietzmann | Actual. Sobre calizas cret\u00e1cicas de la Reserva Paisajistica Nor Yauyos Cochas, Per\u00fa<\/p><\/div>\n<p>&nbsp;<\/p>\n<\/div>\n<\/div>\n<div class=\"fusion-clearfix\"><\/div><\/div><\/div><\/div><\/div><\/p>\n","protected":false},"excerpt":{"rendered":"<p>Qu\u00edmicas\/Diagen\u00e9ticas Las estructuras qu\u00edmicas se generan en diversas circunstancias. Pueden ser sinsedimentarias o pertenecer a estad\u00edos diagen\u00e9ticos tempranos o tard\u00edos. Por este motivo brindan much\u00edsima y variada informaci\u00f3n.<\/p>\n","protected":false},"author":2,"featured_media":0,"comment_status":"open","ping_status":"open","sticky":false,"template":"","format":"standard","meta":{"footnotes":""},"categories":[11],"tags":[],"class_list":["post-696","post","type-post","status-publish","format-standard","hentry","category-quimicasdiageneticas"],"_links":{"self":[{"href":"https:\/\/www.sedimentologia.org.ar\/spa\/wp-json\/wp\/v2\/posts\/696","targetHints":{"allow":["GET"]}}],"collection":[{"href":"https:\/\/www.sedimentologia.org.ar\/spa\/wp-json\/wp\/v2\/posts"}],"about":[{"href":"https:\/\/www.sedimentologia.org.ar\/spa\/wp-json\/wp\/v2\/types\/post"}],"author":[{"embeddable":true,"href":"https:\/\/www.sedimentologia.org.ar\/spa\/wp-json\/wp\/v2\/users\/2"}],"replies":[{"embeddable":true,"href":"https:\/\/www.sedimentologia.org.ar\/spa\/wp-json\/wp\/v2\/comments?post=696"}],"version-history":[{"count":8,"href":"https:\/\/www.sedimentologia.org.ar\/spa\/wp-json\/wp\/v2\/posts\/696\/revisions"}],"predecessor-version":[{"id":1431,"href":"https:\/\/www.sedimentologia.org.ar\/spa\/wp-json\/wp\/v2\/posts\/696\/revisions\/1431"}],"wp:attachment":[{"href":"https:\/\/www.sedimentologia.org.ar\/spa\/wp-json\/wp\/v2\/media?parent=696"}],"wp:term":[{"taxonomy":"category","embeddable":true,"href":"https:\/\/www.sedimentologia.org.ar\/spa\/wp-json\/wp\/v2\/categories?post=696"},{"taxonomy":"post_tag","embeddable":true,"href":"https:\/\/www.sedimentologia.org.ar\/spa\/wp-json\/wp\/v2\/tags?post=696"}],"curies":[{"name":"wp","href":"https:\/\/api.w.org\/{rel}","templated":true}]}}