{"id":2407,"date":"2021-12-22T17:09:35","date_gmt":"2021-12-22T17:09:35","guid":{"rendered":"http:\/\/www.sedimentologia.org.ar\/spa\/?p=2407"},"modified":"2021-12-22T17:13:52","modified_gmt":"2021-12-22T17:13:52","slug":"anuncio-xviii-ras","status":"publish","type":"post","link":"https:\/\/www.sedimentologia.org.ar\/spa\/anuncio-xviii-ras\/","title":{"rendered":"Anuncio XVIII RAS"},"content":{"rendered":"<p>La Comisi\u00f3n Directiva de la AAS da la bienvenida a la nueva Comisi\u00f3n Organizadora de la pr\u00f3xima RAS y agradece el compromiso y esfuerzo de sus integrantes. A continuaci\u00f3n compartimos el primer comunicado:<\/p>\n<p><strong><span style=\"color: #008000\" data-darkreader-inline-color=\"\">LANZAMIENTO XVIII RAS<\/span><\/strong><\/p>\n<p>Estimados\/as colegas, amigos\/as y socios\/as de la AAS,<\/p>\n<p>Tenemos el agrado de comunicarles que la pr\u00f3xima Reuni\u00f3n Argentina de Sedimentolog\u00eda (XVIII RAS) se celebrar\u00e1 en la ciudad de La Plata durante el mes de septiembre del 2023.<\/p>\n<p>Les compartimos nuestro primer canal de comunicaci\u00f3n de di\u00e1logo:\u00a0XVIIIRAS@gmail.com\u00a0para que puedan enviarnos sus sugerencias y propuestas.<\/p>\n<p>Pr\u00f3ximamente m\u00e1s informaci\u00f3n sobre el evento.<\/p>\n<p>Esperamos contar con su presencia!<\/p>\n<p>Comisi\u00f3n Organizadora de la XVIII RAS<\/p>\n<p><span class=\"iuDOqc\" data-tooltip-position=\"top\" data-tooltip=\"De tus contactos de Google\">Mar\u00eda Sol Raigemborn<\/span>, Manuel Isla, Elisa Beilinson, Sabrina Lizzoli, Alejandro Gomez Dacal, Manuel L\u00f3pez, Dami\u00e1n Moyano Paz<\/p>\n","protected":false},"excerpt":{"rendered":"<p>La Comisi\u00f3n Directiva de la AAS da la bienvenida a la nueva Comisi\u00f3n Organizadora de la pr\u00f3xima RAS y agradece el compromiso y esfuerzo de sus integrantes. A continuaci\u00f3n compartimos el primer comunicado: LANZAMIENTO XVIII RAS Estimados\/as colegas, amigos\/as y socios\/as de la AAS, Tenemos el agrado de comunicarles que la pr\u00f3xima Reuni\u00f3n Argentina de [&hellip;]<\/p>\n","protected":false},"author":2,"featured_media":2408,"comment_status":"open","ping_status":"open","sticky":false,"template":"","format":"standard","meta":{"footnotes":""},"categories":[5,17],"tags":[],"class_list":["post-2407","post","type-post","status-publish","format-standard","has-post-thumbnail","hentry","category-noticias","category-xvii-ras"],"_links":{"self":[{"href":"https:\/\/www.sedimentologia.org.ar\/spa\/wp-json\/wp\/v2\/posts\/2407","targetHints":{"allow":["GET"]}}],"collection":[{"href":"https:\/\/www.sedimentologia.org.ar\/spa\/wp-json\/wp\/v2\/posts"}],"about":[{"href":"https:\/\/www.sedimentologia.org.ar\/spa\/wp-json\/wp\/v2\/types\/post"}],"author":[{"embeddable":true,"href":"https:\/\/www.sedimentologia.org.ar\/spa\/wp-json\/wp\/v2\/users\/2"}],"replies":[{"embeddable":true,"href":"https:\/\/www.sedimentologia.org.ar\/spa\/wp-json\/wp\/v2\/comments?post=2407"}],"version-history":[{"count":5,"href":"https:\/\/www.sedimentologia.org.ar\/spa\/wp-json\/wp\/v2\/posts\/2407\/revisions"}],"predecessor-version":[{"id":2413,"href":"https:\/\/www.sedimentologia.org.ar\/spa\/wp-json\/wp\/v2\/posts\/2407\/revisions\/2413"}],"wp:featuredmedia":[{"embeddable":true,"href":"https:\/\/www.sedimentologia.org.ar\/spa\/wp-json\/wp\/v2\/media\/2408"}],"wp:attachment":[{"href":"https:\/\/www.sedimentologia.org.ar\/spa\/wp-json\/wp\/v2\/media?parent=2407"}],"wp:term":[{"taxonomy":"category","embeddable":true,"href":"https:\/\/www.sedimentologia.org.ar\/spa\/wp-json\/wp\/v2\/categories?post=2407"},{"taxonomy":"post_tag","embeddable":true,"href":"https:\/\/www.sedimentologia.org.ar\/spa\/wp-json\/wp\/v2\/tags?post=2407"}],"curies":[{"name":"wp","href":"https:\/\/api.w.org\/{rel}","templated":true}]}}