{"id":2268,"date":"2021-07-30T18:06:06","date_gmt":"2021-07-30T18:06:06","guid":{"rendered":"http:\/\/www.sedimentologia.org.ar\/spa\/?p=2268"},"modified":"2021-07-30T19:00:53","modified_gmt":"2021-07-30T19:00:53","slug":"nuevo-deadline-vii-ras-y-viii-cls-20-de-agosto","status":"publish","type":"post","link":"https:\/\/www.sedimentologia.org.ar\/spa\/nuevo-deadline-vii-ras-y-viii-cls-20-de-agosto\/","title":{"rendered":"Nuevo deadline XVII RAS y VIII CLS: 20 de Agosto"},"content":{"rendered":"<p>Dada la adhesi\u00f3n creciente y manifestaciones de voluntad de participaci\u00f3n de numerosos colegas latinoamericanos extendemos el plazo final al <strong>20 de agosto del 2021<\/strong> (para Sesiones Especiales y Sesiones Tem\u00e1ticas). Muy pronto podr\u00e1 accederse a la webpage del evento con la informaci\u00f3n actualizada y anuncios\u00a0 de nuevas Sesiones Especiales.<\/p>\n<p>&nbsp;<\/p>\n","protected":false},"excerpt":{"rendered":"<p>Dada la adhesi\u00f3n creciente y manifestaciones de voluntad de participaci\u00f3n de numerosos colegas latinoamericanos extendemos el plazo final al 20 de agosto del 2021 (para Sesiones Especiales y Sesiones Tem\u00e1ticas). Muy pronto podr\u00e1 accederse a la webpage del evento con la informaci\u00f3n actualizada y anuncios\u00a0 de nuevas Sesiones Especiales. &nbsp;<\/p>\n","protected":false},"author":2,"featured_media":2277,"comment_status":"open","ping_status":"open","sticky":false,"template":"","format":"standard","meta":{"footnotes":""},"categories":[5,17],"tags":[],"class_list":["post-2268","post","type-post","status-publish","format-standard","has-post-thumbnail","hentry","category-noticias","category-xvii-ras"],"_links":{"self":[{"href":"https:\/\/www.sedimentologia.org.ar\/spa\/wp-json\/wp\/v2\/posts\/2268","targetHints":{"allow":["GET"]}}],"collection":[{"href":"https:\/\/www.sedimentologia.org.ar\/spa\/wp-json\/wp\/v2\/posts"}],"about":[{"href":"https:\/\/www.sedimentologia.org.ar\/spa\/wp-json\/wp\/v2\/types\/post"}],"author":[{"embeddable":true,"href":"https:\/\/www.sedimentologia.org.ar\/spa\/wp-json\/wp\/v2\/users\/2"}],"replies":[{"embeddable":true,"href":"https:\/\/www.sedimentologia.org.ar\/spa\/wp-json\/wp\/v2\/comments?post=2268"}],"version-history":[{"count":6,"href":"https:\/\/www.sedimentologia.org.ar\/spa\/wp-json\/wp\/v2\/posts\/2268\/revisions"}],"predecessor-version":[{"id":2289,"href":"https:\/\/www.sedimentologia.org.ar\/spa\/wp-json\/wp\/v2\/posts\/2268\/revisions\/2289"}],"wp:featuredmedia":[{"embeddable":true,"href":"https:\/\/www.sedimentologia.org.ar\/spa\/wp-json\/wp\/v2\/media\/2277"}],"wp:attachment":[{"href":"https:\/\/www.sedimentologia.org.ar\/spa\/wp-json\/wp\/v2\/media?parent=2268"}],"wp:term":[{"taxonomy":"category","embeddable":true,"href":"https:\/\/www.sedimentologia.org.ar\/spa\/wp-json\/wp\/v2\/categories?post=2268"},{"taxonomy":"post_tag","embeddable":true,"href":"https:\/\/www.sedimentologia.org.ar\/spa\/wp-json\/wp\/v2\/tags?post=2268"}],"curies":[{"name":"wp","href":"https:\/\/api.w.org\/{rel}","templated":true}]}}