{"id":2183,"date":"2020-12-10T12:18:29","date_gmt":"2020-12-10T12:18:29","guid":{"rendered":"http:\/\/www.sedimentologia.org.ar\/spa\/?p=2183"},"modified":"2020-12-10T12:18:29","modified_gmt":"2020-12-10T12:18:29","slug":"novedades-xvii-ras-y-viii-congreso-latinoamericano-de-sedimentologia","status":"publish","type":"post","link":"https:\/\/www.sedimentologia.org.ar\/spa\/novedades-xvii-ras-y-viii-congreso-latinoamericano-de-sedimentologia\/","title":{"rendered":"Novedades &#8211; XVII RAS y VIII Congreso Latinoamericano de Sedimentolog\u00eda"},"content":{"rendered":"<p>A toda la comunidad sedimentol\u00f3gica latinoamericana,<\/p>\n<p>Deseamos que se encuentren muy bien.<\/p>\n<p>Les recordamos que pese a la incertidumbre relativa a la situaci\u00f3n sanitaria del a\u00f1o 2021 mantenemos la fecha reprogramada (del 8 al 11 de junio del 2021 en la ciudad de Paran\u00e1, Entre R\u00edos) de la XVII RAS y del VIII CLS, cuya fecha original fuera postergada un a\u00f1o debido a la pandemia de COVID-19.<\/p>\n<p>La Comisi\u00f3n Organizadora se ha reunido de manera virtual a lo largo del a\u00f1o. \u00a0Se continu\u00f3 trabajando en el proceso de revisi\u00f3n de las m\u00e1s de 100 contribuciones recibidas, las que en gran parte ya fueron arbitradas por dos especialistas. Una nueva apertura para el env\u00edo de res\u00famenes inicia el 15 de diciembre y se extender\u00e1 hasta fines de marzo, manteniendo las normas ya publicadas en las circulares previas. En la pr\u00f3xima circular se actualizar\u00e1 informaci\u00f3n operativa del congreso (costos de inscripci\u00f3n, ofertas de alojamientos, etc.), a medida que tengamos una mayor certeza de las disposiciones a nivel oficial.<\/p>\n<p>A fin de mantener el esp\u00edritu de las reuniones anteriores, aspiramos a poder continuar la tradici\u00f3n de un evento de forma presencial, obviamente garantizando que todos puedan participar y sin riesgos de contagio, respetando los protocolos establecidos.<\/p>\n<p>La Comisi\u00f3n Organizadora invita a todos los interesados a continuar con su compromiso de formar parte de este evento, dedicado a mantener un programa cient\u00edfico con conferencias, sesiones y talleres de gran nivel, incluyendo adem\u00e1s dos viajes de campo.<\/p>\n<p>Comisi\u00f3n Organizadora de la XVII RAS y del VIII CLS.<\/p>\n<p><em>P.S. Si la pandemia del coronavirus presentara un alto riesgo para los participantes del evento, o si a\u00fan no se lograran las autorizaciones para reunir el n\u00famero de asistentes requerido en el Centro de Provincial de Convenciones, se tomar\u00e1 una decisi\u00f3n a comienzos de abril del 2021. La comunidad sedimentol\u00f3gica ser\u00e1 informada de la decisi\u00f3n final con una antelaci\u00f3n de 2 meses de la fecha programada del evento. <\/em><\/p>\n","protected":false},"excerpt":{"rendered":"<p>A toda la comunidad sedimentol\u00f3gica latinoamericana, Deseamos que se encuentren muy bien. Les recordamos que pese a la incertidumbre relativa a la situaci\u00f3n sanitaria del a\u00f1o 2021 mantenemos la fecha reprogramada (del 8 al 11 de junio del 2021 en la ciudad de Paran\u00e1, Entre R\u00edos) de la XVII RAS y del VIII CLS, cuya [&hellip;]<\/p>\n","protected":false},"author":2,"featured_media":2040,"comment_status":"open","ping_status":"open","sticky":false,"template":"","format":"standard","meta":{"footnotes":""},"categories":[5,17],"tags":[],"class_list":["post-2183","post","type-post","status-publish","format-standard","has-post-thumbnail","hentry","category-noticias","category-xvii-ras"],"_links":{"self":[{"href":"https:\/\/www.sedimentologia.org.ar\/spa\/wp-json\/wp\/v2\/posts\/2183","targetHints":{"allow":["GET"]}}],"collection":[{"href":"https:\/\/www.sedimentologia.org.ar\/spa\/wp-json\/wp\/v2\/posts"}],"about":[{"href":"https:\/\/www.sedimentologia.org.ar\/spa\/wp-json\/wp\/v2\/types\/post"}],"author":[{"embeddable":true,"href":"https:\/\/www.sedimentologia.org.ar\/spa\/wp-json\/wp\/v2\/users\/2"}],"replies":[{"embeddable":true,"href":"https:\/\/www.sedimentologia.org.ar\/spa\/wp-json\/wp\/v2\/comments?post=2183"}],"version-history":[{"count":2,"href":"https:\/\/www.sedimentologia.org.ar\/spa\/wp-json\/wp\/v2\/posts\/2183\/revisions"}],"predecessor-version":[{"id":2185,"href":"https:\/\/www.sedimentologia.org.ar\/spa\/wp-json\/wp\/v2\/posts\/2183\/revisions\/2185"}],"wp:featuredmedia":[{"embeddable":true,"href":"https:\/\/www.sedimentologia.org.ar\/spa\/wp-json\/wp\/v2\/media\/2040"}],"wp:attachment":[{"href":"https:\/\/www.sedimentologia.org.ar\/spa\/wp-json\/wp\/v2\/media?parent=2183"}],"wp:term":[{"taxonomy":"category","embeddable":true,"href":"https:\/\/www.sedimentologia.org.ar\/spa\/wp-json\/wp\/v2\/categories?post=2183"},{"taxonomy":"post_tag","embeddable":true,"href":"https:\/\/www.sedimentologia.org.ar\/spa\/wp-json\/wp\/v2\/tags?post=2183"}],"curies":[{"name":"wp","href":"https:\/\/api.w.org\/{rel}","templated":true}]}}