{"id":2031,"date":"2020-03-09T13:46:28","date_gmt":"2020-03-09T13:46:28","guid":{"rendered":"http:\/\/www.sedimentologia.org.ar\/spa\/?p=2031"},"modified":"2020-03-09T13:46:28","modified_gmt":"2020-03-09T13:46:28","slug":"el-viii-congreso-latinoamericano-se-sedimentologia-se-suma-a-la-xvii-ras","status":"publish","type":"post","link":"https:\/\/www.sedimentologia.org.ar\/spa\/el-viii-congreso-latinoamericano-se-sedimentologia-se-suma-a-la-xvii-ras\/","title":{"rendered":"El VIII Congreso Latinoamericano se sedimentolog\u00eda se suma a la XVII RAS"},"content":{"rendered":"<p>Tenemos el agrado de informarles que con el fin de congregar a toda la comunidad sedimentol\u00f3gica tenemos el agrado de informarles que el <strong>VII Congreso Latinoamericano de Sedimentolog\u00eda (VIII CLS)\u00a0se integra a la XVII Reuni\u00f3n Argentina de Sedimentolog\u00eda (XVII RAS).<\/strong><\/p>\n<p>Les recordamos que la fecha de la XVII RAS &#8211; VIII CLS ser\u00e1 del 8 al 11 de Junio de 2020 y se llevar\u00e1 a cabo en el Centro Provincial de Convenciones de la ciudad de Paran\u00e1, Entre R\u00edos.<\/p>\n<p>El deadline para la presentaci\u00f3n de trabajos es el 20 de Marzo.<\/p>\n<p>&nbsp;<\/p>\n","protected":false},"excerpt":{"rendered":"<p>Tenemos el agrado de informarles que con el fin de congregar a toda la comunidad sedimentol\u00f3gica tenemos el agrado de informarles que el VII Congreso Latinoamericano de Sedimentolog\u00eda (VIII CLS)\u00a0se integra a la XVII Reuni\u00f3n Argentina de Sedimentolog\u00eda (XVII RAS). Les recordamos que la fecha de la XVII RAS &#8211; VIII CLS ser\u00e1 del 8 [&hellip;]<\/p>\n","protected":false},"author":2,"featured_media":2032,"comment_status":"open","ping_status":"open","sticky":false,"template":"","format":"standard","meta":{"footnotes":""},"categories":[5,17],"tags":[],"class_list":["post-2031","post","type-post","status-publish","format-standard","has-post-thumbnail","hentry","category-noticias","category-xvii-ras"],"_links":{"self":[{"href":"https:\/\/www.sedimentologia.org.ar\/spa\/wp-json\/wp\/v2\/posts\/2031","targetHints":{"allow":["GET"]}}],"collection":[{"href":"https:\/\/www.sedimentologia.org.ar\/spa\/wp-json\/wp\/v2\/posts"}],"about":[{"href":"https:\/\/www.sedimentologia.org.ar\/spa\/wp-json\/wp\/v2\/types\/post"}],"author":[{"embeddable":true,"href":"https:\/\/www.sedimentologia.org.ar\/spa\/wp-json\/wp\/v2\/users\/2"}],"replies":[{"embeddable":true,"href":"https:\/\/www.sedimentologia.org.ar\/spa\/wp-json\/wp\/v2\/comments?post=2031"}],"version-history":[{"count":1,"href":"https:\/\/www.sedimentologia.org.ar\/spa\/wp-json\/wp\/v2\/posts\/2031\/revisions"}],"predecessor-version":[{"id":2033,"href":"https:\/\/www.sedimentologia.org.ar\/spa\/wp-json\/wp\/v2\/posts\/2031\/revisions\/2033"}],"wp:featuredmedia":[{"embeddable":true,"href":"https:\/\/www.sedimentologia.org.ar\/spa\/wp-json\/wp\/v2\/media\/2032"}],"wp:attachment":[{"href":"https:\/\/www.sedimentologia.org.ar\/spa\/wp-json\/wp\/v2\/media?parent=2031"}],"wp:term":[{"taxonomy":"category","embeddable":true,"href":"https:\/\/www.sedimentologia.org.ar\/spa\/wp-json\/wp\/v2\/categories?post=2031"},{"taxonomy":"post_tag","embeddable":true,"href":"https:\/\/www.sedimentologia.org.ar\/spa\/wp-json\/wp\/v2\/tags?post=2031"}],"curies":[{"name":"wp","href":"https:\/\/api.w.org\/{rel}","templated":true}]}}